{"id":13098,"date":"2022-04-08T15:18:07","date_gmt":"2022-04-08T21:18:07","guid":{"rendered":"http:\/\/mickyandoniehn.com\/radio\/2022\/04\/08\/despues-de-semana-santa-se-propondra-derogacion-de-las-zede\/"},"modified":"2022-04-08T15:18:07","modified_gmt":"2022-04-08T21:18:07","slug":"despues-de-semana-santa-se-propondra-derogacion-de-las-zede","status":"publish","type":"post","link":"http:\/\/mickyandoniehn.com\/radio\/2022\/04\/08\/despues-de-semana-santa-se-propondra-derogacion-de-las-zede\/","title":{"rendered":"Despu\u00e9s de Semana Santa se propondr\u00e1 derogaci\u00f3n de las ZEDE"},"content":{"rendered":"<p><strong>Tegucigalpa,Honduras viernes 08 abril 2022<\/strong><\/p>\n\n<p>El comisionado presidencial contra las Zonas de Empleo y Desarrollo Econ\u00f3mico (ZEDE), Fernando Garc\u00eda Rodr\u00edguez, anunci\u00f3 que una vez pasada la Semana Santa, pedir\u00e1 al Congreso Nacional (CN) la eliminaci\u00f3n de dichos proyectos.<\/p>\n<p>\u201cEsperamos que sea ya efectiva en la primera semana despu\u00e9s de Semana Santa\u201d, respondi\u00f3 Garc\u00eda Rodr\u00edguez a la consulta de la derogaci\u00f3n de las ZEDE.<\/p>\n<p>El comisionado presidencial contra las ZEDE coment\u00f3 que hay diferentes t\u00e9cnicas jur\u00eddicas para enfrentar este problema y que est\u00e1 seleccionando la ideal.<\/p>\n<p>\u201cEstamos seleccionando cu\u00e1l es la t\u00e9cnica jur\u00eddica m\u00e1s apropiada para eliminar el texto constitucional reformado\u201d, expres\u00f3.<\/p>\n<p>De igual forma, se refiri\u00f3 a las versiones que la ZEDE de Prospera en Roat\u00e1n haya adoptado la criptomoneda como moneda oficial.<\/p>\n<p>\u201cNosotros el movimiento nacional contra las ZEDEs y su servidor suscrib\u00ed una carta en nombre del movimiento al Banco Central exigi\u00e9ndole que no se aprobara esa moneda y no la ha aprobado por una serie de cuestionamientos\u201d, declar\u00f3.<\/p>\n<p>Conden\u00f3 que la ZEDE de Roat\u00e1n avance con su proyecto pese a las movilizaciones masivas, los pronunciamientos en contra de las corporaciones municipales y el cambio de gobierno.<\/p>\n<p>\u00a0<\/p>\n<p><a href=\"https:\/\/hondudiario.com\/wp-content\/uploads\/2021\/07\/E53AFTHVcAAvNlV.jpg\">A trav\u00e9s de su portal oficial,\u00a0Honduras Pr\u00f3spera\u00a0anunci\u00f3 que a partir de la fecha el\u00a0bitc\u00f3in\u00a0y otras criptomonedas operaran efectivamente como moneda de curso legal dentro de su jurisdicci\u00f3n.<\/a><\/p>\n<p><a href=\"https:\/\/hondudiario.com\/wp-content\/uploads\/2021\/07\/E53AFTHVcAAvNlV.jpg\">Honduras Pr\u00f3spera\u00a0fue lanzada en 2020 en la isla de\u00a0Roat\u00e1n\u00a0con un r\u00e9gimen que le permite operar con autonom\u00eda administrativa, fiscal y presupuestaria, y justicia propia.<\/a><\/p>\n<p><a href=\"https:\/\/hondudiario.com\/wp-content\/uploads\/2021\/07\/E53AFTHVcAAvNlV.jpg\">La presidenta, Xiomara Castro, anticip\u00f3 en su plan de gobierno que iba derogar las ZEDE argumentando que violan la soberan\u00eda nacional, adem\u00e1s de ser inconstitucionales. <\/a><\/p>\n<p><strong>Fuente: La Tribuna<\/strong><\/p>","protected":false},"excerpt":{"rendered":"<p>Tegucigalpa,Honduras viernes 08 abril 2022 El comisionado presidencial contra las Zonas de Empleo y Desarrollo Econ\u00f3mico (ZEDE), Fernando Garc\u00eda Rodr\u00edguez, anunci\u00f3 que una vez pasada la Semana Santa, pedir\u00e1 al Congreso Nacional (CN) la eliminaci\u00f3n de dichos proyectos. \u201cEsperamos que sea ya efectiva en la primera semana despu\u00e9s de Semana Santa\u201d, respondi\u00f3 Garc\u00eda Rodr\u00edguez a &hellip;<\/p>\n","protected":false},"author":0,"featured_media":13099,"comment_status":"open","ping_status":"open","sticky":false,"template":"","format":"standard","meta":{"_jetpack_memberships_contains_paid_content":false,"footnotes":""},"categories":[5],"tags":[],"class_list":["post-13098","post","type-post","status-publish","format-standard","has-post-thumbnail","","category-noticias"],"jetpack_sharing_enabled":true,"jetpack_featured_media_url":"http:\/\/mickyandoniehn.com\/radio\/wp-content\/uploads\/2022\/04\/E53AFTHVcAAvNlV-300x225-2-Ifch87.jpeg","_links":{"self":[{"href":"http:\/\/mickyandoniehn.com\/radio\/wp-json\/wp\/v2\/posts\/13098","targetHints":{"allow":["GET"]}}],"collection":[{"href":"http:\/\/mickyandoniehn.com\/radio\/wp-json\/wp\/v2\/posts"}],"about":[{"href":"http:\/\/mickyandoniehn.com\/radio\/wp-json\/wp\/v2\/types\/post"}],"replies":[{"embeddable":true,"href":"http:\/\/mickyandoniehn.com\/radio\/wp-json\/wp\/v2\/comments?post=13098"}],"version-history":[{"count":0,"href":"http:\/\/mickyandoniehn.com\/radio\/wp-json\/wp\/v2\/posts\/13098\/revisions"}],"wp:featuredmedia":[{"embeddable":true,"href":"http:\/\/mickyandoniehn.com\/radio\/wp-json\/wp\/v2\/media\/13099"}],"wp:attachment":[{"href":"http:\/\/mickyandoniehn.com\/radio\/wp-json\/wp\/v2\/media?parent=13098"}],"wp:term":[{"taxonomy":"category","embeddable":true,"href":"http:\/\/mickyandoniehn.com\/radio\/wp-json\/wp\/v2\/categories?post=13098"},{"taxonomy":"post_tag","embeddable":true,"href":"http:\/\/mickyandoniehn.com\/radio\/wp-json\/wp\/v2\/tags?post=13098"}],"curies":[{"name":"wp","href":"https:\/\/api.w.org\/{rel}","templated":true}]}}