{"id":1053,"date":"2021-10-15T10:14:05","date_gmt":"2021-10-15T16:14:05","guid":{"rendered":"http:\/\/mickyandoniehn.com\/radio\/2021\/10\/15\/pele-aseguro-estar-mejor-de-salud-y-bromeo-con-volver-a-jugar-futbol\/"},"modified":"2021-10-15T10:14:05","modified_gmt":"2021-10-15T16:14:05","slug":"pele-aseguro-estar-mejor-de-salud-y-bromeo-con-volver-a-jugar-futbol","status":"publish","type":"post","link":"http:\/\/mickyandoniehn.com\/radio\/2021\/10\/15\/pele-aseguro-estar-mejor-de-salud-y-bromeo-con-volver-a-jugar-futbol\/","title":{"rendered":"Pel\u00e9 asegur\u00f3 estar mejor de salud y brome\u00f3 con volver a jugar f\u00fatbol"},"content":{"rendered":"<p>\u00a0<\/p>\n<p>El legendario exfutbolista brasile\u00f1o Pel\u00e9 dijo este jueves que est\u00e1 \u201cmejor\u201d de salud y brome\u00f3 con volver a jugar a la pelota, dos semanas despu\u00e9s de salir del hospital de Sao Paulo donde lo operaron de un tumor en el colon.<\/p>\n<p class=\"font--secondary\">\u201cGracias a Dios estoy bien, estoy mejor, estoy dispuesto incluso a jugar el domingo. Pero ya hablando en serio, gracias por todo, gracias a todos aquellos que me mandaron un abrazo y me dan fuerza. Si Dios quiere, muy pronto estar\u00e9 con ustedes\u201d, dijo el exastro en un video publicado en las cuentas de Instagram de dos de sus hijas.<\/p>\n<p class=\"font--secondary\">En el video, el primero en que aparece despu\u00e9s de salir del centro m\u00e9dico en el que estuvo internado durante un mes, el \u00fanico futbolista en ganar tres mundiales (1958, 1962, 1970) aparece sonriente y de buen semblante.<\/p>\n<p class=\"font--secondary\">Edson Arantes do Nascimento, que el 23 de octubre cumplir\u00e1 81 a\u00f1os, dej\u00f3 el hospital Albert Einstein el 30 de septiembre luego de que en un chequeo rutinario le detectaran un tumor \u201csospechoso\u201d en el colon.<\/p>\n<p class=\"font--secondary\">Fue operado el 4 de septiembre y el d\u00eda que recibi\u00f3 el alta, tras algunos pasos por la unidad de cuidados intensivos, los especialistas aseguraron que el otrora goleador seguir\u00e1 un tratamiento de quimioterapia, un procedimiento con el que se trata a las personas enfermas de c\u00e1ncer.<\/p>\n<p class=\"font--secondary\">Ni los m\u00e9dicos ni el exfutbolista y su familia han informado hasta el momento sobre los resultados del an\u00e1lisis patol\u00f3gico del tumor ni si \u2018O Rei\u2019 padece c\u00e1ncer.<\/p>\n<p class=\"font--secondary\">Mientras estuvo hospitalizado, el exatacante, considerado por muchos el mejor futbolista de la historia, comparti\u00f3 c\u00f3mo iba evolucionando su salud en publicaciones en sus redes sociales, muchas de ellas impregnadas de su particular sentido del humor.<\/p>\n<p>En los \u00faltimos a\u00f1os, Pel\u00e9 ha ingresado varias veces en el hospital por distintos problemas de salud.<\/p>","protected":false},"excerpt":{"rendered":"<p>\u00a0 El legendario exfutbolista brasile\u00f1o Pel\u00e9 dijo este jueves que est\u00e1 \u201cmejor\u201d de salud y brome\u00f3 con volver a jugar a la pelota, dos semanas despu\u00e9s de salir del hospital de Sao Paulo donde lo operaron de un tumor en el colon. \u201cGracias a Dios estoy bien, estoy mejor, estoy dispuesto incluso a jugar el &hellip;<\/p>\n","protected":false},"author":0,"featured_media":1054,"comment_status":"open","ping_status":"open","sticky":false,"template":"","format":"standard","meta":{"_jetpack_memberships_contains_paid_content":false,"footnotes":""},"categories":[5],"tags":[],"class_list":["post-1053","post","type-post","status-publish","format-standard","has-post-thumbnail","","category-noticias"],"jetpack_sharing_enabled":true,"jetpack_featured_media_url":"http:\/\/mickyandoniehn.com\/radio\/wp-content\/uploads\/2021\/10\/TOD35CYCXZFXJG3EAAHLVGQNQM-YNLziS.jpeg","_links":{"self":[{"href":"http:\/\/mickyandoniehn.com\/radio\/wp-json\/wp\/v2\/posts\/1053","targetHints":{"allow":["GET"]}}],"collection":[{"href":"http:\/\/mickyandoniehn.com\/radio\/wp-json\/wp\/v2\/posts"}],"about":[{"href":"http:\/\/mickyandoniehn.com\/radio\/wp-json\/wp\/v2\/types\/post"}],"replies":[{"embeddable":true,"href":"http:\/\/mickyandoniehn.com\/radio\/wp-json\/wp\/v2\/comments?post=1053"}],"version-history":[{"count":0,"href":"http:\/\/mickyandoniehn.com\/radio\/wp-json\/wp\/v2\/posts\/1053\/revisions"}],"wp:featuredmedia":[{"embeddable":true,"href":"http:\/\/mickyandoniehn.com\/radio\/wp-json\/wp\/v2\/media\/1054"}],"wp:attachment":[{"href":"http:\/\/mickyandoniehn.com\/radio\/wp-json\/wp\/v2\/media?parent=1053"}],"wp:term":[{"taxonomy":"category","embeddable":true,"href":"http:\/\/mickyandoniehn.com\/radio\/wp-json\/wp\/v2\/categories?post=1053"},{"taxonomy":"post_tag","embeddable":true,"href":"http:\/\/mickyandoniehn.com\/radio\/wp-json\/wp\/v2\/tags?post=1053"}],"curies":[{"name":"wp","href":"https:\/\/api.w.org\/{rel}","templated":true}]}}