{"id":1047,"date":"2021-10-15T09:15:15","date_gmt":"2021-10-15T15:15:15","guid":{"rendered":"http:\/\/mickyandoniehn.com\/radio\/2021\/10\/15\/enfermedades-comunes-se-han-descuidado-en-relacion-a-la-pandemia\/"},"modified":"2021-10-15T09:15:15","modified_gmt":"2021-10-15T15:15:15","slug":"enfermedades-comunes-se-han-descuidado-en-relacion-a-la-pandemia","status":"publish","type":"post","link":"http:\/\/mickyandoniehn.com\/radio\/2021\/10\/15\/enfermedades-comunes-se-han-descuidado-en-relacion-a-la-pandemia\/","title":{"rendered":"Enfermedades comunes se han descuidado, en relaci\u00f3n a la pandemia"},"content":{"rendered":"<p><strong>Tegucigalpa,Honduras viernes 15 octubre 2021<\/strong><\/p>\n\n<p>Edinora Brooks, lament\u00f3 que pese al incremento de casos Covid-19 y enfermedades comunes, no se aumente el presupuesto a Salud.<\/p>\n<p>Indic\u00f3 que en Honduras nunca se ha estado preparado para ni siquiera las enfermedades comunes aludiendo que ahora con la Covid-19 la preparaci\u00f3n es mucho menos.<\/p>\n<p>\u201cLo que ha ocurrido con la pandemia es que se han descuidado las enfermedades comunes para enfocarnos en Covid-19 y eso est\u00e1 trayendo un caos y tragedia para el pueblo hondure\u00f1o, veremos qu\u00e9 dicen las estad\u00edsticas que adem\u00e1s de sorprendentes, ser\u00e1n preocupantes\u201d, se\u00f1al\u00f3.<\/p>\n<p>\u00a0<\/p>\n<p><a href=\"https:\/\/hondudiario.com\/wp-content\/uploads\/2021\/02\/EtPNzP7WQAIOlDI.jpg\">En los \u00faltimos meses han aumentado no solo las enfermedades comunes, sino que la solitud de atenci\u00f3n por Covid-19 y si se sigue con el mismo presupuesto en Salud, apunt\u00f3 Brooks.<\/a><\/p>\n<p><a href=\"https:\/\/hondudiario.com\/wp-content\/uploads\/2021\/02\/EtPNzP7WQAIOlDI.jpg\">\u201cEl pueblo pagas los impuestos y las consecuencias porque estos no sean bien utilizados\u201d, subray\u00f3.<\/a><\/p>\n<p><strong>Fuente: hondudiario<\/strong><\/p>","protected":false},"excerpt":{"rendered":"<p>Tegucigalpa,Honduras viernes 15 octubre 2021 Edinora Brooks, lament\u00f3 que pese al incremento de casos Covid-19 y enfermedades comunes, no se aumente el presupuesto a Salud. Indic\u00f3 que en Honduras nunca se ha estado preparado para ni siquiera las enfermedades comunes aludiendo que ahora con la Covid-19 la preparaci\u00f3n es mucho menos. \u201cLo que ha ocurrido &hellip;<\/p>\n","protected":false},"author":0,"featured_media":1048,"comment_status":"open","ping_status":"open","sticky":false,"template":"","format":"standard","meta":{"_jetpack_memberships_contains_paid_content":false,"footnotes":""},"categories":[5],"tags":[],"class_list":["post-1047","post","type-post","status-publish","format-standard","has-post-thumbnail","","category-noticias"],"jetpack_sharing_enabled":true,"jetpack_featured_media_url":"http:\/\/mickyandoniehn.com\/radio\/wp-content\/uploads\/2021\/10\/EtPNzP7WQAIOlDI-300x221-1-GWpgAW.jpeg","_links":{"self":[{"href":"http:\/\/mickyandoniehn.com\/radio\/wp-json\/wp\/v2\/posts\/1047","targetHints":{"allow":["GET"]}}],"collection":[{"href":"http:\/\/mickyandoniehn.com\/radio\/wp-json\/wp\/v2\/posts"}],"about":[{"href":"http:\/\/mickyandoniehn.com\/radio\/wp-json\/wp\/v2\/types\/post"}],"replies":[{"embeddable":true,"href":"http:\/\/mickyandoniehn.com\/radio\/wp-json\/wp\/v2\/comments?post=1047"}],"version-history":[{"count":0,"href":"http:\/\/mickyandoniehn.com\/radio\/wp-json\/wp\/v2\/posts\/1047\/revisions"}],"wp:featuredmedia":[{"embeddable":true,"href":"http:\/\/mickyandoniehn.com\/radio\/wp-json\/wp\/v2\/media\/1048"}],"wp:attachment":[{"href":"http:\/\/mickyandoniehn.com\/radio\/wp-json\/wp\/v2\/media?parent=1047"}],"wp:term":[{"taxonomy":"category","embeddable":true,"href":"http:\/\/mickyandoniehn.com\/radio\/wp-json\/wp\/v2\/categories?post=1047"},{"taxonomy":"post_tag","embeddable":true,"href":"http:\/\/mickyandoniehn.com\/radio\/wp-json\/wp\/v2\/tags?post=1047"}],"curies":[{"name":"wp","href":"https:\/\/api.w.org\/{rel}","templated":true}]}}